{"id":2239,"date":"2024-01-04T10:00:03","date_gmt":"2024-01-04T09:00:03","guid":{"rendered":"https:\/\/www.aves-ostkantone.be\/cms\/?p=2239"},"modified":"2026-03-31T13:19:09","modified_gmt":"2026-03-31T11:19:09","slug":"2239-2","status":"publish","type":"post","link":"https:\/\/www.aves-ostkantone.be\/cms\/2239-2\/","title":{"rendered":"Brackvenn: geologisch und pflanzlich interessantes Naturreservat"},"content":{"rendered":"<p>Diese erdgeschichtliche Venn-Wanderung f\u00fchrt \u00fcber Stege durch die Hochmoorlandschaft des Brackvenns.\u00a0 Die dortige Bildung von Lithalsen, Hochmooren und anderen eiszeitlichen Vorg\u00e4ngen sowie die in den letzten Jahren dort durchgef\u00fchrten Renaturalisierungsma\u00dfnahmen werden erl\u00e4utert. Die Besonderheit der Flora dieser Landschaft wird ebenfalls aufgezeigt. W\u00e4hrend der Wanderung kann man die Arbeiten des zugewanderten Bibers bewundern. Diese Wanderung \u00fcberquert die deutsch-belgische Grenze mehrfach und f\u00fchrt am sagenumwobenen Kaiser\u2019s Karl Bettstatt vorbei.<\/p>\n<p>Unter der fachkundigen Leitung von Gottfried Laschet erfahren Sie viel Wissenswertes \u00fcber dieses Gebiet, seine Geologie, Pflanzen- und Tierwelt.<\/p>\n<p>Die Exkursion findet statt am 26. April 2026 von 10:00 bis 15:00 Uhr.<\/p>\n<p>Treffpunkt ist der <strong><em>Parkplatz Nahtsief (N67)<\/em><\/strong> auf der linken Seite von aus Ternell kommend oder auf der rechten Seite von M\u00fctzenich kommend (2 Km).\u00a0\u00a0 Mitzubringen ist wettergerechte Kleidung, Wanderschuhe bzw. Stiefel sowie Rucksackverpflegung.\u00a0 Bitte haben Sie Verst\u00e4ndnis daf\u00fcr, dass Hunde nicht zugelassen sind.<\/p>\n<p>Infos bei Gottfried Laschet \u2013 Tel.: + 32 (0)472 92 31 54 oder +32 (0)87 88 30 29<\/p>\n<p>&nbsp;<\/p>\n<p>&nbsp;<\/p>\n","protected":false},"excerpt":{"rendered":"<div class=\"entry-summary\">\nDiese erdgeschichtliche Venn-Wanderung f\u00fchrt \u00fcber Stege durch die Hochmoorlandschaft des Brackvenns.\u00a0 Die dortige Bildung von Lithalsen, Hochmooren und anderen eiszeitlichen Vorg\u00e4ngen sowie die in den letzten Jahren dort durchgef\u00fchrten Renaturalisierungsma\u00dfnahmen werden erl\u00e4utert. Die Besonderheit der Flora dieser Landschaft wird ebenfalls&hellip;\n<\/div>\n<div class=\"link-more\"><a href=\"https:\/\/www.aves-ostkantone.be\/cms\/2239-2\/\" class=\"more-link\">Weiterlesen<span class=\"screen-reader-text\"> &ldquo;Brackvenn: geologisch und pflanzlich interessantes Naturreservat&rdquo;<\/span>&hellip;<\/a><\/div>\n","protected":false},"author":2,"featured_media":2394,"comment_status":"closed","ping_status":"closed","sticky":false,"template":"","format":"standard","meta":[],"categories":[1],"tags":[],"_links":{"self":[{"href":"https:\/\/www.aves-ostkantone.be\/cms\/wp-json\/wp\/v2\/posts\/2239"}],"collection":[{"href":"https:\/\/www.aves-ostkantone.be\/cms\/wp-json\/wp\/v2\/posts"}],"about":[{"href":"https:\/\/www.aves-ostkantone.be\/cms\/wp-json\/wp\/v2\/types\/post"}],"author":[{"embeddable":true,"href":"https:\/\/www.aves-ostkantone.be\/cms\/wp-json\/wp\/v2\/users\/2"}],"replies":[{"embeddable":true,"href":"https:\/\/www.aves-ostkantone.be\/cms\/wp-json\/wp\/v2\/comments?post=2239"}],"version-history":[{"count":38,"href":"https:\/\/www.aves-ostkantone.be\/cms\/wp-json\/wp\/v2\/posts\/2239\/revisions"}],"predecessor-version":[{"id":2395,"href":"https:\/\/www.aves-ostkantone.be\/cms\/wp-json\/wp\/v2\/posts\/2239\/revisions\/2395"}],"wp:featuredmedia":[{"embeddable":true,"href":"https:\/\/www.aves-ostkantone.be\/cms\/wp-json\/wp\/v2\/media\/2394"}],"wp:attachment":[{"href":"https:\/\/www.aves-ostkantone.be\/cms\/wp-json\/wp\/v2\/media?parent=2239"}],"wp:term":[{"taxonomy":"category","embeddable":true,"href":"https:\/\/www.aves-ostkantone.be\/cms\/wp-json\/wp\/v2\/categories?post=2239"},{"taxonomy":"post_tag","embeddable":true,"href":"https:\/\/www.aves-ostkantone.be\/cms\/wp-json\/wp\/v2\/tags?post=2239"}],"curies":[{"name":"wp","href":"https:\/\/api.w.org\/{rel}","templated":true}]}}