{"id":2239,"date":"2026-06-09T10:00:03","date_gmt":"2026-06-09T08:00:03","guid":{"rendered":"https:\/\/www.aves-ostkantone.be\/cms\/?p=2239"},"modified":"2026-08-20T11:37:36","modified_gmt":"2026-08-20T09:37:36","slug":"2239-2","status":"publish","type":"post","link":"https:\/\/www.aves-ostkantone.be\/cms\/2239-2\/","title":{"rendered":"Europ\u00e4ische Nacht der Flederm\u00e4use in Kelmis"},"content":{"rendered":"<p>Seit 1997 findet am letzten Wochenende im August in inzwischen \u00fcber 30 L\u00e4ndern die \u201eBat Night\u201c, die Nacht der Flederm\u00e4use, statt. Am Samstag, dem 29. August 2026 l\u00e4dt auch die Naturschutzvereinigung AVES-Ostkantone zur \u201eEurop\u00e4ischen Nacht der Flederm\u00e4use\u201c ein. Bei einer theoretischen Einf\u00fchrung erfahren die Teilnehmer viel Wissenswertes \u00fcber Flederm\u00e4use, die mit Hilfe von Flugh\u00e4uten zwischen den Fingern und dank Ultraschall selbst im Dunkeln nie die Orientierung verlieren. Anschlie\u00dfend begeben sich die Teilnehmer zu den Weihern. Dort kann man sehr gut jagende Flederm\u00e4use beobachten und anhand von Bat-Detektoren den Rufen der heimlichen J\u00e4ger lauschen. <strong>Die Fledermausnacht gilt als besonders familien- und kinderfreundlich. <\/strong>Treffpunkt ist um 20 Uhr der Parkplatz Casinoweiher, Casinostrasse 1, 4720 Kelmis. Die Veranstaltung dauert ca. 3 Stunden. Um Mitnahme einer Taschenlampe und witterungsgerechter Kleidung wird gebeten. Bitte haben Sie Verst\u00e4ndnis daf\u00fcr, dass Hunde nicht zugelassen sind.\u00a0 Die Teilnahme ist kostenlos, eine Anmeldung ist Pflicht. Infos Gerhard Reuter &#8211; Tel.: +32 (0)80 34 02 46<\/p>\n<p>&nbsp;<\/p>\n<p>&nbsp;<\/p>\n<p>&nbsp;<\/p>\n<p>&nbsp;<\/p>\n","protected":false},"excerpt":{"rendered":"<div class=\"entry-summary\">\nSeit 1997 findet am letzten Wochenende im August in inzwischen \u00fcber 30 L\u00e4ndern die \u201eBat Night\u201c, die Nacht der Flederm\u00e4use, statt. Am Samstag, dem 29. August 2026 l\u00e4dt auch die Naturschutzvereinigung AVES-Ostkantone zur \u201eEurop\u00e4ischen Nacht der Flederm\u00e4use\u201c ein. Bei einer&hellip;\n<\/div>\n<div class=\"link-more\"><a href=\"https:\/\/www.aves-ostkantone.be\/cms\/2239-2\/\" class=\"more-link\">Weiterlesen<span class=\"screen-reader-text\"> &ldquo;Europ\u00e4ische Nacht der Flederm\u00e4use in Kelmis&rdquo;<\/span>&hellip;<\/a><\/div>\n","protected":false},"author":2,"featured_media":2409,"comment_status":"closed","ping_status":"closed","sticky":false,"template":"","format":"standard","meta":[],"categories":[1],"tags":[],"_links":{"self":[{"href":"https:\/\/www.aves-ostkantone.be\/cms\/wp-json\/wp\/v2\/posts\/2239"}],"collection":[{"href":"https:\/\/www.aves-ostkantone.be\/cms\/wp-json\/wp\/v2\/posts"}],"about":[{"href":"https:\/\/www.aves-ostkantone.be\/cms\/wp-json\/wp\/v2\/types\/post"}],"author":[{"embeddable":true,"href":"https:\/\/www.aves-ostkantone.be\/cms\/wp-json\/wp\/v2\/users\/2"}],"replies":[{"embeddable":true,"href":"https:\/\/www.aves-ostkantone.be\/cms\/wp-json\/wp\/v2\/comments?post=2239"}],"version-history":[{"count":42,"href":"https:\/\/www.aves-ostkantone.be\/cms\/wp-json\/wp\/v2\/posts\/2239\/revisions"}],"predecessor-version":[{"id":2410,"href":"https:\/\/www.aves-ostkantone.be\/cms\/wp-json\/wp\/v2\/posts\/2239\/revisions\/2410"}],"wp:featuredmedia":[{"embeddable":true,"href":"https:\/\/www.aves-ostkantone.be\/cms\/wp-json\/wp\/v2\/media\/2409"}],"wp:attachment":[{"href":"https:\/\/www.aves-ostkantone.be\/cms\/wp-json\/wp\/v2\/media?parent=2239"}],"wp:term":[{"taxonomy":"category","embeddable":true,"href":"https:\/\/www.aves-ostkantone.be\/cms\/wp-json\/wp\/v2\/categories?post=2239"},{"taxonomy":"post_tag","embeddable":true,"href":"https:\/\/www.aves-ostkantone.be\/cms\/wp-json\/wp\/v2\/tags?post=2239"}],"curies":[{"name":"wp","href":"https:\/\/api.w.org\/{rel}","templated":true}]}}